{"id":729,"date":"2024-08-07T21:18:19","date_gmt":"2024-08-07T18:18:19","guid":{"rendered":"https:\/\/yesilinbaskenti.com.tr\/?p=729"},"modified":"2024-08-07T21:35:05","modified_gmt":"2024-08-07T18:35:05","slug":"ataturk-cocuklari-parki","status":"publish","type":"post","link":"https:\/\/yesilinbaskenti.com.tr\/index.php\/2024\/08\/07\/ataturk-cocuklari-parki\/","title":{"rendered":"Atat\u00fcrk \u00c7ocuklar\u0131 Park\u0131"},"content":{"rendered":"\n<p>Ulu \u00d6nder Mustafa Kemal Atat\u00fcrk\u2019\u00fcn Cumhuriyet\u2019in Ba\u015fkenti Ankara\u2019ya arma\u011fan\u0131 olan Atat\u00fcrk Orman \u00c7iftli\u011fi arazisine sahip \u00e7\u0131k\u0131yoruz.<\/p>\n\n\n\n<p>\u0130\u00e7erisinde evcil hayvan park\u0131ndan \u00e7ocuk oyun alan\u0131na, seyir teraslar\u0131ndan kafeteryaya kadar pek \u00e7ok donat\u0131n\u0131n yer ald\u0131\u011f\u0131 940 bin metrekarelik alana kurulan \u2018Do\u011fal Ya\u015fam ve Atat\u00fcrk \u00c7ocuklar\u0131 Park\u0131\u2019n\u0131n ilk etab\u0131n\u0131 hizmete a\u00e7t\u0131k.<\/p>\n\n\n\n<figure class=\"wp-block-embed is-type-video is-provider-youtube wp-block-embed-youtube wp-embed-aspect-16-9 wp-has-aspect-ratio\"><div class=\"wp-block-embed__wrapper\">\n<iframe title=\"ATAT\u00dcRK \u00c7OCUKLARI PARKI\" width=\"900\" height=\"506\" src=\"https:\/\/www.youtube.com\/embed\/0JuW56NclH4?feature=oembed\" frameborder=\"0\" allow=\"accelerometer; autoplay; clipboard-write; encrypted-media; gyroscope; picture-in-picture; web-share\" referrerpolicy=\"strict-origin-when-cross-origin\" allowfullscreen><\/iframe>\n<\/div><\/figure>\n","protected":false},"excerpt":{"rendered":"<p>Ulu \u00d6nder Mustafa Kemal Atat\u00fcrk\u2019\u00fcn Cumhuriyet\u2019in Ba\u015fkenti Ankara\u2019ya arma\u011fan\u0131 olan Atat\u00fcrk Orman \u00c7iftli\u011fi arazisine sahip \u00e7\u0131k\u0131yoruz. \u0130\u00e7erisinde evcil hayvan park\u0131ndan \u00e7ocuk oyun alan\u0131na, seyir teraslar\u0131ndan kafeteryaya kadar pek \u00e7ok donat\u0131n\u0131n yer ald\u0131\u011f\u0131 940 bin metrekarelik alana kurulan \u2018Do\u011fal Ya\u015fam ve Atat\u00fcrk \u00c7ocuklar\u0131 Park\u0131\u2019n\u0131n ilk etab\u0131n\u0131 hizmete a\u00e7t\u0131k.<\/p>\n","protected":false},"author":1,"featured_media":730,"comment_status":"closed","ping_status":"closed","sticky":false,"template":"","format":"standard","meta":{"footnotes":""},"categories":[67,54],"tags":[],"class_list":["post-729","post","type-post","status-publish","format-standard","has-post-thumbnail","hentry","category-yenimahalle","category-yesil-alan-ve-cevre"],"_links":{"self":[{"href":"https:\/\/yesilinbaskenti.com.tr\/index.php\/wp-json\/wp\/v2\/posts\/729","targetHints":{"allow":["GET"]}}],"collection":[{"href":"https:\/\/yesilinbaskenti.com.tr\/index.php\/wp-json\/wp\/v2\/posts"}],"about":[{"href":"https:\/\/yesilinbaskenti.com.tr\/index.php\/wp-json\/wp\/v2\/types\/post"}],"author":[{"embeddable":true,"href":"https:\/\/yesilinbaskenti.com.tr\/index.php\/wp-json\/wp\/v2\/users\/1"}],"replies":[{"embeddable":true,"href":"https:\/\/yesilinbaskenti.com.tr\/index.php\/wp-json\/wp\/v2\/comments?post=729"}],"version-history":[{"count":1,"href":"https:\/\/yesilinbaskenti.com.tr\/index.php\/wp-json\/wp\/v2\/posts\/729\/revisions"}],"predecessor-version":[{"id":731,"href":"https:\/\/yesilinbaskenti.com.tr\/index.php\/wp-json\/wp\/v2\/posts\/729\/revisions\/731"}],"wp:featuredmedia":[{"embeddable":true,"href":"https:\/\/yesilinbaskenti.com.tr\/index.php\/wp-json\/wp\/v2\/media\/730"}],"wp:attachment":[{"href":"https:\/\/yesilinbaskenti.com.tr\/index.php\/wp-json\/wp\/v2\/media?parent=729"}],"wp:term":[{"taxonomy":"category","embeddable":true,"href":"https:\/\/yesilinbaskenti.com.tr\/index.php\/wp-json\/wp\/v2\/categories?post=729"},{"taxonomy":"post_tag","embeddable":true,"href":"https:\/\/yesilinbaskenti.com.tr\/index.php\/wp-json\/wp\/v2\/tags?post=729"}],"curies":[{"name":"wp","href":"https:\/\/api.w.org\/{rel}","templated":true}]}}